{"id":125,"date":"2019-04-18T00:00:24","date_gmt":"2019-04-17T22:00:24","guid":{"rendered":"http:\/\/1000jahre.gemeinde-wathlingen.de\/?p=125"},"modified":"2020-06-14T09:45:27","modified_gmt":"2020-06-14T07:45:27","slug":"schuetzenfest","status":"publish","type":"post","link":"http:\/\/1000jahre.gemeinde-wathlingen.de\/?p=125","title":{"rendered":"Sch\u00fctzenfest"},"content":{"rendered":"\n<p>18. April 2019<\/p>\n\n\n\n<p>Alle 5 Jahre macht der Umzug auch halt im Uetzer Weg. B\u00fcrgermeister Torsten Harms l\u00e4dt dann die Umzugsgesellschaft zur Brezel und Bier ein. Die Sch\u00fctzen kommen gern und unterstreichen einmal mehr ihre B\u00fcrgern\u00e4he und die Uetzer Weger revanchieren sich mit einer geschm\u00fcckten Stra\u00dfe. <\/p>\n","protected":false},"excerpt":{"rendered":"<p>18. April 2019 Alle 5 Jahre macht der Umzug auch halt im Uetzer Weg. B\u00fcrgermeister Torsten Harms l\u00e4dt dann die Umzugsgesellschaft zur Brezel und Bier ein. Die Sch\u00fctzen kommen gern und unterstreichen einmal mehr ihre B\u00fcrgern\u00e4he und die Uetzer Weger revanchieren sich mit einer geschm\u00fcckten Stra\u00dfe.<span class=\"more-link\"><a href=\"http:\/\/1000jahre.gemeinde-wathlingen.de\/?p=125\">[&#8230;]<\/a><\/span><\/p>\n","protected":false},"author":1,"featured_media":126,"comment_status":"closed","ping_status":"closed","sticky":false,"template":"","format":"standard","meta":[],"categories":[4],"tags":[],"_links":{"self":[{"href":"http:\/\/1000jahre.gemeinde-wathlingen.de\/index.php?rest_route=\/wp\/v2\/posts\/125"}],"collection":[{"href":"http:\/\/1000jahre.gemeinde-wathlingen.de\/index.php?rest_route=\/wp\/v2\/posts"}],"about":[{"href":"http:\/\/1000jahre.gemeinde-wathlingen.de\/index.php?rest_route=\/wp\/v2\/types\/post"}],"author":[{"embeddable":true,"href":"http:\/\/1000jahre.gemeinde-wathlingen.de\/index.php?rest_route=\/wp\/v2\/users\/1"}],"replies":[{"embeddable":true,"href":"http:\/\/1000jahre.gemeinde-wathlingen.de\/index.php?rest_route=%2Fwp%2Fv2%2Fcomments&post=125"}],"version-history":[{"count":1,"href":"http:\/\/1000jahre.gemeinde-wathlingen.de\/index.php?rest_route=\/wp\/v2\/posts\/125\/revisions"}],"predecessor-version":[{"id":127,"href":"http:\/\/1000jahre.gemeinde-wathlingen.de\/index.php?rest_route=\/wp\/v2\/posts\/125\/revisions\/127"}],"wp:featuredmedia":[{"embeddable":true,"href":"http:\/\/1000jahre.gemeinde-wathlingen.de\/index.php?rest_route=\/wp\/v2\/media\/126"}],"wp:attachment":[{"href":"http:\/\/1000jahre.gemeinde-wathlingen.de\/index.php?rest_route=%2Fwp%2Fv2%2Fmedia&parent=125"}],"wp:term":[{"taxonomy":"category","embeddable":true,"href":"http:\/\/1000jahre.gemeinde-wathlingen.de\/index.php?rest_route=%2Fwp%2Fv2%2Fcategories&post=125"},{"taxonomy":"post_tag","embeddable":true,"href":"http:\/\/1000jahre.gemeinde-wathlingen.de\/index.php?rest_route=%2Fwp%2Fv2%2Ftags&post=125"}],"curies":[{"name":"wp","href":"https:\/\/api.w.org\/{rel}","templated":true}]}}